{"provider_url": "https://www.antonioalmeida.pi.leg.br", "title": "Maio Amarelo", "html": "<p>A cidade de Ant\u00f4nio Almeida-PI \u00e9 refer\u00eancia em acidentes por esse motivo a secretaria de Sa\u00fade realizou uma palestra para conscientizar os propriet\u00e1rios de autom\u00f3veis sobre os riscos quando soma o \u00e1lcool com a condu\u00e7\u00e3o de ve\u00edculos. A palestra ficou por conta Sub-tenente Airton Avelino, que consientizou a popula\u00e7\u00e3o sobre os efeitos do \u00e1lcool com a condu\u00e7\u00e3o de ve\u00edculos.</p>\r\n<p>A equipe da sa\u00fade emocionou o p\u00fablico presente, com uma bela apresenta\u00e7\u00e3o sobre a condu\u00e7\u00e3o de ve\u00edculos ao efeito do \u00e1lcool, que o condutor que faz o uso do \u00e1lcool est\u00e1 pondo em rico a vida da popula\u00e7\u00e3o.</p>\r\n<p><img src=\"https://www.antonioalmeida.pi.leg.br/imagens/33964176_2136783149942138_7332011410567725056_n.jpg/@@images/43e4f0eb-06a0-4e40-83c3-9657e53f01b9.jpeg\" alt=\"33964176_2136783149942138_7332011410567725056_n.jpg\" class=\"image-inline\" title=\"33964176_2136783149942138_7332011410567725056_n.jpg\" /></p>\r\n<p><img src=\"https://www.antonioalmeida.pi.leg.br/imagens/33745823_2136783446608775_1365139811546955776_n.jpg/@@images/aee0876b-d3f9-4204-a137-3791118c3791.jpeg\" alt=\"33745823_2136783446608775_1365139811546955776_n.jpg\" class=\"image-inline\" title=\"33745823_2136783446608775_1365139811546955776_n.jpg\" /></p>\r\n<p><img src=\"https://www.antonioalmeida.pi.leg.br/imagens/33921752_2136781456608974_2937967972192354304_n.jpg/@@images/a68e6cba-5007-4eae-b93d-04bc0d1df6bb.jpeg\" alt=\"33921752_2136781456608974_2937967972192354304_n.jpg\" class=\"image-inline\" title=\"33921752_2136781456608974_2937967972192354304_n.jpg\" /></p>", "author_name": "", "version": "1.0", "author_url": "https://www.antonioalmeida.pi.leg.br/author/Helson", "provider_name": "C\u00e2mara Municipal de Ant\u00f4nio Almeida", "type": "rich"}